{"id":2300,"date":"2017-11-13T14:53:59","date_gmt":"2017-11-13T13:53:59","guid":{"rendered":"http:\/\/www.collaborazionepontedipiave.it\/?p=2300"},"modified":"2017-11-13T14:54:55","modified_gmt":"2017-11-13T13:54:55","slug":"assemblea-caritas-diocesana-2017","status":"publish","type":"post","link":"https:\/\/www.collaborazionepontedipiave.it\/?p=2300","title":{"rendered":"Assemblea Caritas Diocesana 2017"},"content":{"rendered":"<p>Domenica 12 novembre 2017 alcuni operatori delle nostre Caritas\u00a0parrocchiali\u00a0hanno partecipato all&#8217;Assemblea Diocesana Caritas in seminario a Treviso.<br \/>\nDopo la Santa Messa celebrata dal nostro Vescovo, don Mario Salviato (Vicario per la Pastorale della nostra Diocesi) ci ha guidati alla riflessione.<br \/>\nSi \u00e8 soffermato sull&#8217;importanza di camminare con la nostra Chiesa come artigiani della comunione nel cammino\u00a0 sinodale.\u00a0Ha definito la Caritas &#8220;vedetta nella Chiesa&#8221; che ha il compito di segnalare le povert\u00e0 esistenti nel territorio precisando che la Caritas non \u00e8 un gruppo a s\u00e9 stante.\u00a0Ha affermato che stiamo\u00a0 camminando &#8220;nella sera della Chiesa&#8221; ma il Signore ci\u00a0 rilancia e ci invita a passare all&#8217;altra riva per questo ci ha ricordato di mettere GES\u00d9 AL CENTRO diventando\u00a0 missionari, annunciatori della Buona Notizia e non sostitutivi dei servizi sociali . E&#8217; importante la continua formazione per conoscere sempre di pi\u00f9 GES\u00d9 DI NAZARETH.\u00a0La formazione e il cammino di fede sono urgentemente necessari perch\u00e9\u00a0 all&#8217;altra riva incontriamo, pagani , altre religioni, cristiani che non riconoscono le reali e attuali povert\u00e0 anzi ne sono infastiditi, che ci interpellano e ci provocano.<br \/>\nTutto ci\u00f2\u00a0 verso un nuovo stile di Chiesa per tanto siamo chiamati ad essere annunciatori credibili e coerenti con il Vangelo.<br \/>\nSiamo chiamati a procedere in una visione di insieme con pazienza e con i gesti del cuore<br \/>\nCHI VOLESSE ASCOLTARE INTEGRALMENTE LA RELAZIONE PU\u00d2 ENTRARE NEL SITO CARITAS.<\/p>\n","protected":false},"excerpt":{"rendered":"<p>Domenica 12 novembre 2017 alcuni operatori delle nostre Caritas\u00a0parrocchiali\u00a0hanno partecipato all&#8217;Assemblea Diocesana Caritas in seminario a Treviso.<br \/>\nDopo la Santa Messa celebrata dal nostro Vescovo, don Mario Salviato (Vicario per la Pastorale della nostra Diocesi) ci ha guidati alla riflessione.<br \/>\nSi \u00e8 soffermato sull&#8217;importanza di camminare con la nostra Chiesa come artigiani della comunione nel cammino\u00a0 sinodale.\u00a0Ha definito la Caritas &#8220;vedetta nella Chiesa&#8221; che ha il compito di segnalare le povert\u00e0 esistenti nel territorio precisando che la Caritas non \u00e8 un gruppo a s\u00e9 stante.\u00a0<\/p>\n","protected":false},"author":1,"featured_media":1673,"comment_status":"closed","ping_status":"open","sticky":false,"template":"","format":"standard","meta":[],"categories":[10],"tags":[144,23],"_links":{"self":[{"href":"https:\/\/www.collaborazionepontedipiave.it\/index.php?rest_route=\/wp\/v2\/posts\/2300"}],"collection":[{"href":"https:\/\/www.collaborazionepontedipiave.it\/index.php?rest_route=\/wp\/v2\/posts"}],"about":[{"href":"https:\/\/www.collaborazionepontedipiave.it\/index.php?rest_route=\/wp\/v2\/types\/post"}],"author":[{"embeddable":true,"href":"https:\/\/www.collaborazionepontedipiave.it\/index.php?rest_route=\/wp\/v2\/users\/1"}],"replies":[{"embeddable":true,"href":"https:\/\/www.collaborazionepontedipiave.it\/index.php?rest_route=%2Fwp%2Fv2%2Fcomments&post=2300"}],"version-history":[{"count":2,"href":"https:\/\/www.collaborazionepontedipiave.it\/index.php?rest_route=\/wp\/v2\/posts\/2300\/revisions"}],"predecessor-version":[{"id":2302,"href":"https:\/\/www.collaborazionepontedipiave.it\/index.php?rest_route=\/wp\/v2\/posts\/2300\/revisions\/2302"}],"wp:featuredmedia":[{"embeddable":true,"href":"https:\/\/www.collaborazionepontedipiave.it\/index.php?rest_route=\/wp\/v2\/media\/1673"}],"wp:attachment":[{"href":"https:\/\/www.collaborazionepontedipiave.it\/index.php?rest_route=%2Fwp%2Fv2%2Fmedia&parent=2300"}],"wp:term":[{"taxonomy":"category","embeddable":true,"href":"https:\/\/www.collaborazionepontedipiave.it\/index.php?rest_route=%2Fwp%2Fv2%2Fcategories&post=2300"},{"taxonomy":"post_tag","embeddable":true,"href":"https:\/\/www.collaborazionepontedipiave.it\/index.php?rest_route=%2Fwp%2Fv2%2Ftags&post=2300"}],"curies":[{"name":"wp","href":"https:\/\/api.w.org\/{rel}","templated":true}]}}