{"id":2598,"date":"2018-04-27T09:29:15","date_gmt":"2018-04-27T07:29:15","guid":{"rendered":"http:\/\/www.collaborazionepontedipiave.it\/?p=2598"},"modified":"2018-04-27T09:29:15","modified_gmt":"2018-04-27T07:29:15","slug":"san-liberale-patrono-principale-della-diocesi-di-treviso-solennita-27-aprile","status":"publish","type":"post","link":"https:\/\/www.collaborazionepontedipiave.it\/?p=2598","title":{"rendered":"SAN LIBERALE  PATRONO PRINCIPALE DELLA DIOCESI DI TREVISO SOLENNIT\u00c0 27 APRILE"},"content":{"rendered":"<p>Una leggenda, che secondo R. degli Azzoni Avogari, studioso trevigiano, sarebbe stata composta nel sec. X, sfruttando anche elementi tolti da leggende d&#8217;altri santi, ed \u00e8 conservata in un ms. della fine del sec. XIV e in diversi compendi, dei quali alcuni anteriori al ms., racconta che Liberale, nato ad Altino da famiglia appartenente all&#8217;ordo equester, fu educato nella fede cristiana da Eliodoro, primo vescovo della citt\u00e0. Allo studio della dottrina cristiana, alle preghiere prolungate e alle dure mortificazioni della carne egli univa l&#8217;assistenza ai poveri e agli ammalati e l&#8217;azione vigorosa per sostenere il coraggio dei credenti, convertire i pagani e gli ariani e opporsi alle loro prepotenze. Ogni giorno, assisteva alla s. Messa e ogni domenica si comunicava e, presso cibo solo in quel giorno, restava completamente digiuno il resto della settimana. Crescendo l&#8217;opposizione dei pagani e degli ariani, Eliodoro affid\u00f2 la sua sede al vescovo Ambrogio e si ritir\u00f2 nelle isole della laguna. Liberale, rimasto sulla breccia, dopo qualche fempo, preoccupato dell&#8217;incapacit\u00e0 di Ambrogio a tener testa a pagani ed eretici, decise d&#8217;andare alla ricerca di Eliodoro, ma volle prima chiedere lumi al Signore. Mentre pregava nella cattedrale s&#8217;addorment\u00f2 e nel sonno gli apparve il suo angelo custode in forma d&#8217;uomo dall&#8217;aspetto risplendente, che lo incoraggi\u00f2 e gli preannunci\u00f2 vicina la morte. Liberale, visitate un&#8217;ultima volta le chiese della citt\u00e0 e dei dintorni, and\u00f2 a Castrazone ove era una chiesa dedicata a s. Lorenzo. Non trovando modo di raggiungere l&#8217;isola ov&#8217;era Eliodoro, si ferm\u00f2 l\u00e0 conducendo vita eremitica; ma colpito da grave malattia, poco dopo mor\u00ed, il 27 aprile. Clero e popolo lo seppellirono in quella chiesa entro un&#8217;arca marmorea.<br \/>\nAttorno a queste linee essenziali e primitive della leggenda, delle quali per\u00f2 \u00e8 pur difficile provare l&#8217;attendibilit\u00e0, s&#8217;incrostarono in seguito miracoli ed episodi tolti per lo pi\u00fa da leggende analoghe. Secondo R. degli Azzoni Avogari, il corpo di s. Liberale come quello dei martiri Teonisto, Tabra e Tabrata sarebbe stato portato a Treviso dagli abitanti di Altino, quando, nel 452, sotto la minaccia degli Unni di Attila o pi\u00fa tardi sotto quella dei Longobardi, si rifugiarono numerosi in quella citt\u00e0, nella cui diocesi restarono incorporati definitivamente anche Altino e il suo territorio.<br \/>\nInvece, la sede vescovile nel 639, se non anche pi\u00fa tardi, pass\u00f2 a Torcello, dove il doge Andrea Dandolo (m. 1354) e poco dopo il domenicano Pietro Cal\u00f2 affermarono essere stati portati anche i corpi di Liberale, Teonisto, Tabra e Tabrata, per essere collocati in quella cattedrale. Per\u00f2 la presenza e il culto a Treviso di quei corpi santi sono attestati, a cominciare dal 1082, da un crescendo di testimonianze monumentali ed archivistiche man mano che ci si avvicina alla fondazione, nel 1360 o nel 1365 della Confraternita di S. Liberale da parte del b. Enrico di Treviso.<br \/>\nFin dal sorgere del libero comune nel sec. XII Liberale, cavaliere di Altino, era stato proclamato patrono di Treviso, pur restando gli apostoli Pietro e Paolo titolari della cattedrale. E patrono di Castelfranco Veneto lo vollero fin da principio i cittadini mandati da Treviso nel 1199 a fondare quel castello.<br \/>\nLa sua tomba a Treviso \u00e8 nella cripta della cattedrale e la sua festa \u00e8 al 27 aprile.<br \/>\nLa pi\u00fa antica iconografia lo rappresenta vestito d&#8217;una lunga sottana simile al camice liturgico e d&#8217;una sopravveste pi\u00f9 corta simile al colobion o alla tunicella o alla dalmatica. Invece nella figurina, scolpita intorno al sepolcro del b. Enrico di Treviso, \u00e8 rivestito della clamide dei soldati. Giorgione nella celebre tela del duomo di Castelfranco lo rappresenta addirittura rivestito di corazza con in mano la bandiera sella citt\u00e0.<\/p>\n<p>Autore: Ireneo Daniele<\/p>\n","protected":false},"excerpt":{"rendered":"<p>Una leggenda, che secondo R. degli Azzoni Avogari, studioso trevigiano, sarebbe stata composta nel sec. X, sfruttando anche elementi tolti da leggende d&#8217;altri santi, ed \u00e8 conservata in un ms. della fine del sec. XIV e in diversi compendi, dei<\/p>\n","protected":false},"author":3,"featured_media":0,"comment_status":"closed","ping_status":"open","sticky":false,"template":"","format":"standard","meta":[],"categories":[99],"tags":[],"_links":{"self":[{"href":"https:\/\/www.collaborazionepontedipiave.it\/index.php?rest_route=\/wp\/v2\/posts\/2598"}],"collection":[{"href":"https:\/\/www.collaborazionepontedipiave.it\/index.php?rest_route=\/wp\/v2\/posts"}],"about":[{"href":"https:\/\/www.collaborazionepontedipiave.it\/index.php?rest_route=\/wp\/v2\/types\/post"}],"author":[{"embeddable":true,"href":"https:\/\/www.collaborazionepontedipiave.it\/index.php?rest_route=\/wp\/v2\/users\/3"}],"replies":[{"embeddable":true,"href":"https:\/\/www.collaborazionepontedipiave.it\/index.php?rest_route=%2Fwp%2Fv2%2Fcomments&post=2598"}],"version-history":[{"count":1,"href":"https:\/\/www.collaborazionepontedipiave.it\/index.php?rest_route=\/wp\/v2\/posts\/2598\/revisions"}],"predecessor-version":[{"id":2599,"href":"https:\/\/www.collaborazionepontedipiave.it\/index.php?rest_route=\/wp\/v2\/posts\/2598\/revisions\/2599"}],"wp:attachment":[{"href":"https:\/\/www.collaborazionepontedipiave.it\/index.php?rest_route=%2Fwp%2Fv2%2Fmedia&parent=2598"}],"wp:term":[{"taxonomy":"category","embeddable":true,"href":"https:\/\/www.collaborazionepontedipiave.it\/index.php?rest_route=%2Fwp%2Fv2%2Fcategories&post=2598"},{"taxonomy":"post_tag","embeddable":true,"href":"https:\/\/www.collaborazionepontedipiave.it\/index.php?rest_route=%2Fwp%2Fv2%2Ftags&post=2598"}],"curies":[{"name":"wp","href":"https:\/\/api.w.org\/{rel}","templated":true}]}}